{"id":1001,"date":"2024-06-29T14:38:52","date_gmt":"2024-06-29T14:38:52","guid":{"rendered":"https:\/\/aragmaibiza.com\/?p=1001"},"modified":"2024-07-08T18:13:33","modified_gmt":"2024-07-08T18:13:33","slug":"an-interview-with-aragma-owners-tony-bex","status":"publish","type":"post","link":"https:\/\/aragmaibiza.com\/it\/2024\/06\/29\/an-interview-with-aragma-owners-tony-bex\/","title":{"rendered":"An interview with Aragma Owners Tony &amp; Bex"},"content":{"rendered":"<div data-elementor-type=\"wp-post\" data-elementor-id=\"1001\" class=\"elementor elementor-1001\" data-elementor-post-type=\"post\">\n\t\t\t\t<div class=\"elementor-element elementor-element-5c4779da e-con-full e-flex e-con e-parent\" data-id=\"5c4779da\" data-element_type=\"container\" data-e-type=\"container\">\n\t\t\t\t<div class=\"elementor-element elementor-element-a4580e6 elementor-widget elementor-widget-gallery\" data-id=\"a4580e6\" data-element_type=\"widget\" data-e-type=\"widget\" data-settings=\"{&quot;columns&quot;:3,&quot;lazyload&quot;:&quot;yes&quot;,&quot;gallery_layout&quot;:&quot;grid&quot;,&quot;columns_tablet&quot;:2,&quot;columns_mobile&quot;:1,&quot;gap&quot;:{&quot;unit&quot;:&quot;px&quot;,&quot;size&quot;:10,&quot;sizes&quot;:[]},&quot;gap_tablet&quot;:{&quot;unit&quot;:&quot;px&quot;,&quot;size&quot;:10,&quot;sizes&quot;:[]},&quot;gap_mobile&quot;:{&quot;unit&quot;:&quot;px&quot;,&quot;size&quot;:10,&quot;sizes&quot;:[]},&quot;link_to&quot;:&quot;file&quot;,&quot;aspect_ratio&quot;:&quot;3:2&quot;,&quot;overlay_background&quot;:&quot;yes&quot;,&quot;content_hover_animation&quot;:&quot;fade-in&quot;}\" data-widget_type=\"gallery.default\">\n\t\t\t\t<div class=\"elementor-widget-container\">\n\t\t\t\t\t\t\t<div class=\"elementor-gallery__container\">\n\t\t\t\t\t\t\t<a class=\"e-gallery-item elementor-gallery-item elementor-animated-content\" href=\"https:\/\/aragmaibiza.com\/wp-content\/uploads\/2024\/06\/224A7875.jpg\" data-elementor-open-lightbox=\"yes\" data-elementor-lightbox-slideshow=\"a4580e6\" data-elementor-lightbox-title=\"Aragma Owners Tony &amp; Bex\" data-e-action-hash=\"#elementor-action%3Aaction%3Dlightbox%26settings%3DeyJpZCI6MTEzMywidXJsIjoiaHR0cHM6XC9cL2FyYWdtYWliaXphLmNvbVwvd3AtY29udGVudFwvdXBsb2Fkc1wvMjAyNFwvMDZcLzIyNEE3ODc1LmpwZyIsInNsaWRlc2hvdyI6ImE0NTgwZTYifQ%3D%3D\">\n\t\t\t\t\t<div class=\"e-gallery-image elementor-gallery-item__image\" data-thumbnail=\"https:\/\/aragmaibiza.com\/wp-content\/uploads\/2024\/06\/224A7875-768x512.jpg\" data-width=\"768\" data-height=\"512\" aria-label=\"Proprietari di Aragma Tony e Bex\" role=\"img\" ><\/div>\n\t\t\t\t\t\t\t\t\t\t\t<div class=\"elementor-gallery-item__overlay\"><\/div>\n\t\t\t\t\t\t\t\t\t\t\t\t\t\t<\/a>\n\t\t\t\t\t\t\t<a class=\"e-gallery-item elementor-gallery-item elementor-animated-content\" href=\"https:\/\/aragmaibiza.com\/wp-content\/uploads\/2024\/06\/WhatsApp-Image-2024-06-11-at-16.48.35.jpg\" data-elementor-open-lightbox=\"yes\" data-elementor-lightbox-slideshow=\"a4580e6\" data-elementor-lightbox-title=\"Aragma Owners Tony &amp; Bex\" data-e-action-hash=\"#elementor-action%3Aaction%3Dlightbox%26settings%3DeyJpZCI6MTEyOSwidXJsIjoiaHR0cHM6XC9cL2FyYWdtYWliaXphLmNvbVwvd3AtY29udGVudFwvdXBsb2Fkc1wvMjAyNFwvMDZcL1doYXRzQXBwLUltYWdlLTIwMjQtMDYtMTEtYXQtMTYuNDguMzUuanBnIiwic2xpZGVzaG93IjoiYTQ1ODBlNiJ9\">\n\t\t\t\t\t<div class=\"e-gallery-image elementor-gallery-item__image\" data-thumbnail=\"https:\/\/aragmaibiza.com\/wp-content\/uploads\/2024\/06\/WhatsApp-Image-2024-06-11-at-16.48.35-768x1024.jpg\" data-width=\"768\" data-height=\"1024\" aria-label=\"Tony e Bex, proprietari di Aragma, all&#039;Ibiza Rocks\" role=\"img\" ><\/div>\n\t\t\t\t\t\t\t\t\t\t\t<div class=\"elementor-gallery-item__overlay\"><\/div>\n\t\t\t\t\t\t\t\t\t\t\t\t\t\t<\/a>\n\t\t\t\t\t\t\t<a class=\"e-gallery-item elementor-gallery-item elementor-animated-content\" href=\"https:\/\/aragmaibiza.com\/wp-content\/uploads\/2024\/06\/224A2483.jpg\" data-elementor-open-lightbox=\"yes\" data-elementor-lightbox-slideshow=\"a4580e6\" data-elementor-lightbox-title=\"Aragma Owners Tony &amp; Bex\" data-e-action-hash=\"#elementor-action%3Aaction%3Dlightbox%26settings%3DeyJpZCI6MTEzMSwidXJsIjoiaHR0cHM6XC9cL2FyYWdtYWliaXphLmNvbVwvd3AtY29udGVudFwvdXBsb2Fkc1wvMjAyNFwvMDZcLzIyNEEyNDgzLmpwZyIsInNsaWRlc2hvdyI6ImE0NTgwZTYifQ%3D%3D\">\n\t\t\t\t\t<div class=\"e-gallery-image elementor-gallery-item__image\" data-thumbnail=\"https:\/\/aragmaibiza.com\/wp-content\/uploads\/2024\/06\/224A2483-768x1152.jpg\" data-width=\"768\" data-height=\"1152\" aria-label=\"Proprietari di Aragma Tony e Bex\" role=\"img\" ><\/div>\n\t\t\t\t\t\t\t\t\t\t\t<div class=\"elementor-gallery-item__overlay\"><\/div>\n\t\t\t\t\t\t\t\t\t\t\t\t\t\t<\/a>\n\t\t\t\t\t<\/div>\n\t\t\t\t\t<\/div>\n\t\t\t\t<\/div>\n\t\t\t\t<div class=\"elementor-element elementor-element-7498f6d elementor-widget elementor-widget-text-editor\" data-id=\"7498f6d\" data-element_type=\"widget\" data-e-type=\"widget\" data-widget_type=\"text-editor.default\">\n\t\t\t\t<div class=\"elementor-widget-container\">\n\t\t\t\t\t\t\t\t\t<p class=\"p3\"><b>Siete una squadra di marito e moglie. Da quanto tempo lavorate insieme? <\/b><\/p><p class=\"p3\">Abbiamo iniziato a lavorare insieme nel 2007, quando Bex lavorava come manager al Tony&#039;s Caf\u00e9 nella baia di San Antonio, qui a Ibiza. Poi nel 2012 si sono messi in affari insieme per aprire Tapas Ibiza. E il resto, come si suol dire, \u00e8 storia.<br \/><br \/><\/p><p class=\"p3\"><b>Come ti trovi a lavorare insieme? quali sono i pro e i contro? Riesci mai davvero a staccare la spina? <\/b><\/p><p class=\"p3\">A dire il vero, a volte pu\u00f2 essere davvero difficile staccare la spina. Finiamo sempre per parlare di lavoro. Ma \u00e8 qualcosa su cui lavoriamo costantemente. In generale ci piace davvero lavorare insieme. \u00c8 fantastico che siamo sempre l\u00ec per aiutarci e sostenerci a vicenda in ogni fase.<br \/><br \/><\/p><p class=\"p3\"><b>Perch\u00e9 hai deciso di aprire un altro ristorante? <\/b><\/p><p class=\"p3\">A quanto pare \u00e8 tutta colpa di Tony!!<\/p><p class=\"p3\">\u00c8 qualcosa a cui stiamo pensando da un po\u2019. Volevamo solo aspettare il momento giusto e l\u2019occasione giusta. E quando abbiamo visto Aragma ne abbiamo visto subito il potenziale.<\/p><p class=\"p3\">Adoriamo il concetto di tapas, condividendo molti piccoli piatti interessanti. E volevo esplorare questo concetto con una cucina diversa. <br \/>Siamo anche estremamente fortunati ad avere una squadra eccezionale alle nostre spalle. Senza di loro, nulla di tutto ci\u00f2 sarebbe possibile. Fornisce anche una grande opportunit\u00e0 per la squadra, e per noi, di poter crescere insieme.<br \/><br \/><\/p><p class=\"p3\"><b>Perch\u00e9 hai deciso di adottare il concetto dei piccoli piatti greco-mediterranei? <\/b><\/p><p class=\"p3\">In realt\u00e0 \u00e8 stata una decisione molto rapida e facile. Principalmente perch\u00e9 il nostro Executive Chef Alex \u00e8 lui stesso greco. Era il nostro capo chef al Tapas e nel corso degli anni ha creato diversi piatti che hanno influenze greche. La risposta dei clienti \u00e8 sempre stata fantastica. Quindi \u00e8 greco...<\/p>\t\t\t\t\t\t\t\t<\/div>\n\t\t\t\t<\/div>\n\t\t\t\t<div class=\"elementor-element elementor-element-9e6eb4a elementor-widget elementor-widget-gallery\" data-id=\"9e6eb4a\" data-element_type=\"widget\" data-e-type=\"widget\" data-settings=\"{&quot;columns&quot;:3,&quot;lazyload&quot;:&quot;yes&quot;,&quot;gallery_layout&quot;:&quot;grid&quot;,&quot;columns_tablet&quot;:2,&quot;columns_mobile&quot;:1,&quot;gap&quot;:{&quot;unit&quot;:&quot;px&quot;,&quot;size&quot;:10,&quot;sizes&quot;:[]},&quot;gap_tablet&quot;:{&quot;unit&quot;:&quot;px&quot;,&quot;size&quot;:10,&quot;sizes&quot;:[]},&quot;gap_mobile&quot;:{&quot;unit&quot;:&quot;px&quot;,&quot;size&quot;:10,&quot;sizes&quot;:[]},&quot;link_to&quot;:&quot;file&quot;,&quot;aspect_ratio&quot;:&quot;3:2&quot;,&quot;overlay_background&quot;:&quot;yes&quot;,&quot;content_hover_animation&quot;:&quot;fade-in&quot;}\" data-widget_type=\"gallery.default\">\n\t\t\t\t<div class=\"elementor-widget-container\">\n\t\t\t\t\t\t\t<div class=\"elementor-gallery__container\">\n\t\t\t\t\t\t\t<a class=\"e-gallery-item elementor-gallery-item elementor-animated-content\" href=\"https:\/\/aragmaibiza.com\/wp-content\/uploads\/2024\/06\/WhatsApp-Image-2024-06-11-at-16.47.03.jpg\" data-elementor-open-lightbox=\"yes\" data-elementor-lightbox-slideshow=\"9e6eb4a\" data-elementor-lightbox-title=\"Boat Days with the Dikomites\" data-e-action-hash=\"#elementor-action%3Aaction%3Dlightbox%26settings%3DeyJpZCI6MTEyOCwidXJsIjoiaHR0cHM6XC9cL2FyYWdtYWliaXphLmNvbVwvd3AtY29udGVudFwvdXBsb2Fkc1wvMjAyNFwvMDZcL1doYXRzQXBwLUltYWdlLTIwMjQtMDYtMTEtYXQtMTYuNDcuMDMuanBnIiwic2xpZGVzaG93IjoiOWU2ZWI0YSJ9\">\n\t\t\t\t\t<div class=\"e-gallery-image elementor-gallery-item__image\" data-thumbnail=\"https:\/\/aragmaibiza.com\/wp-content\/uploads\/2024\/06\/WhatsApp-Image-2024-06-11-at-16.47.03-768x1024.jpg\" data-width=\"768\" data-height=\"1024\" aria-label=\"Giornate in barca con Tony e Bex\" role=\"img\" ><\/div>\n\t\t\t\t\t\t\t\t\t\t\t<div class=\"elementor-gallery-item__overlay\"><\/div>\n\t\t\t\t\t\t\t\t\t\t\t\t\t\t<\/a>\n\t\t\t\t\t\t\t<a class=\"e-gallery-item elementor-gallery-item elementor-animated-content\" href=\"https:\/\/aragmaibiza.com\/wp-content\/uploads\/2024\/06\/WhatsApp-Image-2024-06-11-at-16.49.44.jpg\" data-elementor-open-lightbox=\"yes\" data-elementor-lightbox-slideshow=\"9e6eb4a\" data-elementor-lightbox-title=\"Aragma Owners with their dog Dana and friends\" data-e-action-hash=\"#elementor-action%3Aaction%3Dlightbox%26settings%3DeyJpZCI6MTEzMCwidXJsIjoiaHR0cHM6XC9cL2FyYWdtYWliaXphLmNvbVwvd3AtY29udGVudFwvdXBsb2Fkc1wvMjAyNFwvMDZcL1doYXRzQXBwLUltYWdlLTIwMjQtMDYtMTEtYXQtMTYuNDkuNDQuanBnIiwic2xpZGVzaG93IjoiOWU2ZWI0YSJ9\">\n\t\t\t\t\t<div class=\"e-gallery-image elementor-gallery-item__image\" data-thumbnail=\"https:\/\/aragmaibiza.com\/wp-content\/uploads\/2024\/06\/WhatsApp-Image-2024-06-11-at-16.49.44-768x742.jpg\" data-width=\"768\" data-height=\"742\" aria-label=\"I proprietari di Aragma Tony e Bex si rilassano con il loro cane e i loro amici\" role=\"img\" ><\/div>\n\t\t\t\t\t\t\t\t\t\t\t<div class=\"elementor-gallery-item__overlay\"><\/div>\n\t\t\t\t\t\t\t\t\t\t\t\t\t\t<\/a>\n\t\t\t\t\t\t\t<a class=\"e-gallery-item elementor-gallery-item elementor-animated-content\" href=\"https:\/\/aragmaibiza.com\/wp-content\/uploads\/2024\/06\/IMG_0541.jpg\" data-elementor-open-lightbox=\"yes\" data-elementor-lightbox-slideshow=\"9e6eb4a\" data-elementor-lightbox-title=\"Winter Walks with friends\" data-e-action-hash=\"#elementor-action%3Aaction%3Dlightbox%26settings%3DeyJpZCI6MTEyNywidXJsIjoiaHR0cHM6XC9cL2FyYWdtYWliaXphLmNvbVwvd3AtY29udGVudFwvdXBsb2Fkc1wvMjAyNFwvMDZcL0lNR18wNTQxLmpwZyIsInNsaWRlc2hvdyI6IjllNmViNGEifQ%3D%3D\">\n\t\t\t\t\t<div class=\"e-gallery-image elementor-gallery-item__image\" data-thumbnail=\"https:\/\/aragmaibiza.com\/wp-content\/uploads\/2024\/06\/IMG_0541-768x1024.jpg\" data-width=\"768\" data-height=\"1024\" aria-label=\"Passeggiate invernali con gli amici, Ibiza\" role=\"img\" ><\/div>\n\t\t\t\t\t\t\t\t\t\t\t<div class=\"elementor-gallery-item__overlay\"><\/div>\n\t\t\t\t\t\t\t\t\t\t\t\t\t\t<\/a>\n\t\t\t\t\t<\/div>\n\t\t\t\t\t<\/div>\n\t\t\t\t<\/div>\n\t\t\t\t<div class=\"elementor-element elementor-element-649297a0 elementor-widget elementor-widget-text-editor\" data-id=\"649297a0\" data-element_type=\"widget\" data-e-type=\"widget\" data-widget_type=\"text-editor.default\">\n\t\t\t\t<div class=\"elementor-widget-container\">\n\t\t\t\t\t\t\t\t\t<p class=\"p3\"><b>Possiedi anche il famoso ristorante Tapas Ibiza? Qual \u00e8 il tuo segreto del successo? <\/b><\/p><p class=\"p3\">Onestamente non \u00e8 un grande segreto, il nostro obiettivo \u00e8 sempre stato quello di garantire che i clienti e lo staff si divertano davvero a stare al ristorante. Senza nessuno dei due non avremmo nulla.<\/p><p>Cerchiamo continuamente modi per migliorare e crescere. E ascolta tutto il nostro team per ottenere feedback da loro su come possiamo garantire che abbiano tutto ci\u00f2 di cui hanno bisogno per svolgere bene il loro lavoro. Se sono tutti soddisfatti, ci\u00f2 si trasmetter\u00e0 anche ai nostri clienti.<\/p><p class=\"p3\"><b>Cosa ti piace fare nel tuo tempo libero? <\/b><\/p><p class=\"p3\">Ci godiamo davvero il lato tranquillo dell&#039;isola quando non lavoriamo. Ci piace fare belle passeggiate, pomeriggi pigri in spiaggia seguiti da un buon pranzo. Entrambi amiamo leggere e ci coccoliamo sul divano con il nostro adorabile cane Dana.<\/p><p class=\"p3\"><b>Oltre ai tuoi ristoranti, qual \u00e8 il tuo ristorante preferito sull&#039;isola?<\/b><\/p><p class=\"p3\">Spesso le persone ce lo chiedono. Ed \u00e8 una domanda davvero difficile. Ci sono cos\u00ec tanti deliziosi ristoranti sull&#039;isola. Suo<span class=\"Apple-converted-space\">\u00a0 <\/span>difficile sceglierne solo uno. I nostri ristoranti in cui visitiamo parenti e amici sono solitamente Es Virot o Kasbah.<\/p><p><b>E infine qual \u00e8 la tua spiaggia preferita dell&#039;isola? <\/b><\/p><p class=\"p3\">Cala Tarida \u00e8 la nostra preferita. Non solo \u00e8 abbastanza locale per noi, ma l&#039;acqua \u00e8 fantastica.<\/p>\t\t\t\t\t\t\t\t<\/div>\n\t\t\t\t<\/div>\n\t\t\t\t<div class=\"elementor-element elementor-element-8273c64 elementor-widget elementor-widget-gallery\" data-id=\"8273c64\" data-element_type=\"widget\" data-e-type=\"widget\" data-settings=\"{&quot;lazyload&quot;:&quot;yes&quot;,&quot;gallery_layout&quot;:&quot;grid&quot;,&quot;columns&quot;:4,&quot;columns_tablet&quot;:2,&quot;columns_mobile&quot;:1,&quot;gap&quot;:{&quot;unit&quot;:&quot;px&quot;,&quot;size&quot;:10,&quot;sizes&quot;:[]},&quot;gap_tablet&quot;:{&quot;unit&quot;:&quot;px&quot;,&quot;size&quot;:10,&quot;sizes&quot;:[]},&quot;gap_mobile&quot;:{&quot;unit&quot;:&quot;px&quot;,&quot;size&quot;:10,&quot;sizes&quot;:[]},&quot;link_to&quot;:&quot;file&quot;,&quot;aspect_ratio&quot;:&quot;3:2&quot;,&quot;overlay_background&quot;:&quot;yes&quot;,&quot;content_hover_animation&quot;:&quot;fade-in&quot;}\" data-widget_type=\"gallery.default\">\n\t\t\t\t<div class=\"elementor-widget-container\">\n\t\t\t\t\t\t\t<div class=\"elementor-gallery__container\">\n\t\t\t\t\t\t\t<a class=\"e-gallery-item elementor-gallery-item elementor-animated-content\" href=\"https:\/\/aragmaibiza.com\/wp-content\/uploads\/2024\/06\/448833600_10160204987250885_6155704890538403757_n.jpg\" data-elementor-open-lightbox=\"yes\" data-elementor-lightbox-slideshow=\"8273c64\" data-elementor-lightbox-title=\"Family Meal at Tapas Ibiza with Tony &amp; Bex\" data-e-action-hash=\"#elementor-action%3Aaction%3Dlightbox%26settings%3DeyJpZCI6MTEzOCwidXJsIjoiaHR0cHM6XC9cL2FyYWdtYWliaXphLmNvbVwvd3AtY29udGVudFwvdXBsb2Fkc1wvMjAyNFwvMDZcLzQ0ODgzMzYwMF8xMDE2MDIwNDk4NzI1MDg4NV82MTU1NzA0ODkwNTM4NDAzNzU3X24uanBnIiwic2xpZGVzaG93IjoiODI3M2M2NCJ9\">\n\t\t\t\t\t<div class=\"e-gallery-image elementor-gallery-item__image\" data-thumbnail=\"https:\/\/aragmaibiza.com\/wp-content\/uploads\/2024\/06\/448833600_10160204987250885_6155704890538403757_n-768x768.jpg\" data-width=\"768\" data-height=\"768\" aria-label=\"Pasto in famiglia al Tapas Ibiza con Tony e Bex\" role=\"img\" ><\/div>\n\t\t\t\t\t\t\t\t\t\t\t<div class=\"elementor-gallery-item__overlay\"><\/div>\n\t\t\t\t\t\t\t\t\t\t\t\t\t\t<\/a>\n\t\t\t\t\t\t\t<a class=\"e-gallery-item elementor-gallery-item elementor-animated-content\" href=\"https:\/\/aragmaibiza.com\/wp-content\/uploads\/2024\/06\/448830866_10160204987260885_3171095168107201546_n.jpg\" data-elementor-open-lightbox=\"yes\" data-elementor-lightbox-slideshow=\"8273c64\" data-elementor-lightbox-title=\"Family Meal at Tapas Ibiza with Tony &amp; Bex\" data-e-action-hash=\"#elementor-action%3Aaction%3Dlightbox%26settings%3DeyJpZCI6MTEzNywidXJsIjoiaHR0cHM6XC9cL2FyYWdtYWliaXphLmNvbVwvd3AtY29udGVudFwvdXBsb2Fkc1wvMjAyNFwvMDZcLzQ0ODgzMDg2Nl8xMDE2MDIwNDk4NzI2MDg4NV8zMTcxMDk1MTY4MTA3MjAxNTQ2X24uanBnIiwic2xpZGVzaG93IjoiODI3M2M2NCJ9\">\n\t\t\t\t\t<div class=\"e-gallery-image elementor-gallery-item__image\" data-thumbnail=\"https:\/\/aragmaibiza.com\/wp-content\/uploads\/2024\/06\/448830866_10160204987260885_3171095168107201546_n-768x768.jpg\" data-width=\"768\" data-height=\"768\" aria-label=\"Pasto in famiglia al Tapas Ibiza con Tony e Bex\" role=\"img\" ><\/div>\n\t\t\t\t\t\t\t\t\t\t\t<div class=\"elementor-gallery-item__overlay\"><\/div>\n\t\t\t\t\t\t\t\t\t\t\t\t\t\t<\/a>\n\t\t\t\t\t\t\t<a class=\"e-gallery-item elementor-gallery-item elementor-animated-content\" href=\"https:\/\/aragmaibiza.com\/wp-content\/uploads\/2024\/06\/448830816_10160204987265885_2000956667499154069_n.jpg\" data-elementor-open-lightbox=\"yes\" data-elementor-lightbox-slideshow=\"8273c64\" data-elementor-lightbox-title=\"Family Beach Day with Aragma Owners Tony &amp; Bex\" data-e-action-hash=\"#elementor-action%3Aaction%3Dlightbox%26settings%3DeyJpZCI6MTEzNiwidXJsIjoiaHR0cHM6XC9cL2FyYWdtYWliaXphLmNvbVwvd3AtY29udGVudFwvdXBsb2Fkc1wvMjAyNFwvMDZcLzQ0ODgzMDgxNl8xMDE2MDIwNDk4NzI2NTg4NV8yMDAwOTU2NjY3NDk5MTU0MDY5X24uanBnIiwic2xpZGVzaG93IjoiODI3M2M2NCJ9\">\n\t\t\t\t\t<div class=\"e-gallery-image elementor-gallery-item__image\" data-thumbnail=\"https:\/\/aragmaibiza.com\/wp-content\/uploads\/2024\/06\/448830816_10160204987265885_2000956667499154069_n-768x768.jpg\" data-width=\"768\" data-height=\"768\" aria-label=\"Giornata in spiaggia per tutta la famiglia con i proprietari di Aragma Tony e Bex\" role=\"img\" ><\/div>\n\t\t\t\t\t\t\t\t\t\t\t<div class=\"elementor-gallery-item__overlay\"><\/div>\n\t\t\t\t\t\t\t\t\t\t\t\t\t\t<\/a>\n\t\t\t\t\t\t\t<a class=\"e-gallery-item elementor-gallery-item elementor-animated-content\" href=\"https:\/\/aragmaibiza.com\/wp-content\/uploads\/2024\/06\/448739672_10160204987245885_3324672582622169252_n.jpg\" data-elementor-open-lightbox=\"yes\" data-elementor-lightbox-slideshow=\"8273c64\" data-elementor-lightbox-title=\"Family Meal at Aragma Ibiza with Tony &amp; Bex\" data-e-action-hash=\"#elementor-action%3Aaction%3Dlightbox%26settings%3DeyJpZCI6MTEzNSwidXJsIjoiaHR0cHM6XC9cL2FyYWdtYWliaXphLmNvbVwvd3AtY29udGVudFwvdXBsb2Fkc1wvMjAyNFwvMDZcLzQ0ODczOTY3Ml8xMDE2MDIwNDk4NzI0NTg4NV8zMzI0NjcyNTgyNjIyMTY5MjUyX24uanBnIiwic2xpZGVzaG93IjoiODI3M2M2NCJ9\">\n\t\t\t\t\t<div class=\"e-gallery-image elementor-gallery-item__image\" data-thumbnail=\"https:\/\/aragmaibiza.com\/wp-content\/uploads\/2024\/06\/448739672_10160204987245885_3324672582622169252_n-768x768.jpg\" data-width=\"768\" data-height=\"768\" aria-label=\"Pasto in famiglia all&#039;Aragma Ibiza con Tony e Bex\" role=\"img\" ><\/div>\n\t\t\t\t\t\t\t\t\t\t\t<div class=\"elementor-gallery-item__overlay\"><\/div>\n\t\t\t\t\t\t\t\t\t\t\t\t\t\t<\/a>\n\t\t\t\t\t<\/div>\n\t\t\t\t\t<\/div>\n\t\t\t\t<\/div>\n\t\t\t\t<\/div>\n\t\t\t\t<\/div>","protected":false},"excerpt":{"rendered":"<p>You are a husband &amp; wife team. How long have you been working together? We first starting working together back in 2007 when Bex was working as the manager at Tony\u2019s cafe in the bay of San Antonio, here in Ibiza. Then in 2012 they went into business together to open Tapas Ibiza. And the [&hellip;]<\/p>\n","protected":false},"author":2,"featured_media":1102,"comment_status":"closed","ping_status":"open","sticky":false,"template":"","format":"standard","meta":{"footnotes":""},"categories":[21],"tags":[11,13,26,24,23,27,25],"class_list":["post-1001","post","type-post","status-publish","format-standard","has-post-thumbnail","hentry","category-aragma-ibiza-our-story","tag-aragma-ibiza","tag-ibiza","tag-interview","tag-owners-interview","tag-tapas-ibiza","tag-tapas-restaurants","tag-tony-bex"],"yoast_head":"<!-- This site is optimized with the Yoast SEO plugin v27.2 - https:\/\/yoast.com\/product\/yoast-seo-wordpress\/ -->\n<title>An interview with Aragma Owners Tony &amp; Bex - Aragma Ibiza<\/title>\n<meta name=\"robots\" content=\"index, follow, max-snippet:-1, max-image-preview:large, max-video-preview:-1\" \/>\n<link rel=\"canonical\" href=\"https:\/\/aragmaibiza.com\/it\/2024\/06\/29\/an-interview-with-aragma-owners-tony-bex\/\" \/>\n<meta property=\"og:locale\" content=\"it_IT\" \/>\n<meta property=\"og:type\" content=\"article\" \/>\n<meta property=\"og:title\" content=\"An interview with Aragma Owners Tony &amp; Bex - Aragma Ibiza\" \/>\n<meta property=\"og:description\" content=\"You are a husband &amp; wife team. How long have you been working together? We first starting working together back in 2007 when Bex was working as the manager at Tony\u2019s cafe in the bay of San Antonio, here in Ibiza. Then in 2012 they went into business together to open Tapas Ibiza. And the [&hellip;]\" \/>\n<meta property=\"og:url\" content=\"https:\/\/aragmaibiza.com\/it\/2024\/06\/29\/an-interview-with-aragma-owners-tony-bex\/\" \/>\n<meta property=\"og:site_name\" content=\"Aragma Ibiza\" \/>\n<meta property=\"article:publisher\" content=\"https:\/\/www.facebook.com\/aragmaibiza\" \/>\n<meta property=\"article:published_time\" content=\"2024-06-29T14:38:52+00:00\" \/>\n<meta property=\"article:modified_time\" content=\"2024-07-08T18:13:33+00:00\" \/>\n<meta property=\"og:image\" content=\"https:\/\/aragmaibiza.com\/wp-content\/uploads\/2024\/07\/IMG_4838.jpg\" \/>\n\t<meta property=\"og:image:width\" content=\"1125\" \/>\n\t<meta property=\"og:image:height\" content=\"1500\" \/>\n\t<meta property=\"og:image:type\" content=\"image\/jpeg\" \/>\n<meta name=\"author\" content=\"Jess\" \/>\n<meta name=\"twitter:card\" content=\"summary_large_image\" \/>\n<meta name=\"twitter:label1\" content=\"Scritto da\" \/>\n\t<meta name=\"twitter:data1\" content=\"Jess\" \/>\n\t<meta name=\"twitter:label2\" content=\"Tempo di lettura stimato\" \/>\n\t<meta name=\"twitter:data2\" content=\"3 minuti\" \/>\n<script type=\"application\/ld+json\" class=\"yoast-schema-graph\">{\"@context\":\"https:\/\/schema.org\",\"@graph\":[{\"@type\":\"Article\",\"@id\":\"https:\/\/aragmaibiza.com\/2024\/06\/29\/an-interview-with-aragma-owners-tony-bex\/#article\",\"isPartOf\":{\"@id\":\"https:\/\/aragmaibiza.com\/2024\/06\/29\/an-interview-with-aragma-owners-tony-bex\/\"},\"author\":{\"name\":\"Jess\",\"@id\":\"https:\/\/aragmaibiza.com\/#\/schema\/person\/9993e056c9e515993d45b10d27adc0bd\"},\"headline\":\"An interview with Aragma Owners Tony &#038; Bex\",\"datePublished\":\"2024-06-29T14:38:52+00:00\",\"dateModified\":\"2024-07-08T18:13:33+00:00\",\"mainEntityOfPage\":{\"@id\":\"https:\/\/aragmaibiza.com\/2024\/06\/29\/an-interview-with-aragma-owners-tony-bex\/\"},\"wordCount\":542,\"publisher\":{\"@id\":\"https:\/\/aragmaibiza.com\/#organization\"},\"image\":{\"@id\":\"https:\/\/aragmaibiza.com\/2024\/06\/29\/an-interview-with-aragma-owners-tony-bex\/#primaryimage\"},\"thumbnailUrl\":\"https:\/\/aragmaibiza.com\/wp-content\/uploads\/2024\/07\/IMG_4838.jpg\",\"keywords\":[\"Aragma Ibiza\",\"Ibiza\",\"Interview\",\"Owners Interview\",\"Tapas Ibiza\",\"Tapas Restaurants\",\"Tony &amp; Bex\"],\"articleSection\":[\"Aragma Ibiza - Our Story\"],\"inLanguage\":\"it-IT\"},{\"@type\":\"WebPage\",\"@id\":\"https:\/\/aragmaibiza.com\/2024\/06\/29\/an-interview-with-aragma-owners-tony-bex\/\",\"url\":\"https:\/\/aragmaibiza.com\/2024\/06\/29\/an-interview-with-aragma-owners-tony-bex\/\",\"name\":\"An interview with Aragma Owners Tony & Bex - Aragma Ibiza\",\"isPartOf\":{\"@id\":\"https:\/\/aragmaibiza.com\/#website\"},\"primaryImageOfPage\":{\"@id\":\"https:\/\/aragmaibiza.com\/2024\/06\/29\/an-interview-with-aragma-owners-tony-bex\/#primaryimage\"},\"image\":{\"@id\":\"https:\/\/aragmaibiza.com\/2024\/06\/29\/an-interview-with-aragma-owners-tony-bex\/#primaryimage\"},\"thumbnailUrl\":\"https:\/\/aragmaibiza.com\/wp-content\/uploads\/2024\/07\/IMG_4838.jpg\",\"datePublished\":\"2024-06-29T14:38:52+00:00\",\"dateModified\":\"2024-07-08T18:13:33+00:00\",\"breadcrumb\":{\"@id\":\"https:\/\/aragmaibiza.com\/2024\/06\/29\/an-interview-with-aragma-owners-tony-bex\/#breadcrumb\"},\"inLanguage\":\"it-IT\",\"potentialAction\":[{\"@type\":\"ReadAction\",\"target\":[\"https:\/\/aragmaibiza.com\/2024\/06\/29\/an-interview-with-aragma-owners-tony-bex\/\"]}]},{\"@type\":\"ImageObject\",\"inLanguage\":\"it-IT\",\"@id\":\"https:\/\/aragmaibiza.com\/2024\/06\/29\/an-interview-with-aragma-owners-tony-bex\/#primaryimage\",\"url\":\"https:\/\/aragmaibiza.com\/wp-content\/uploads\/2024\/07\/IMG_4838.jpg\",\"contentUrl\":\"https:\/\/aragmaibiza.com\/wp-content\/uploads\/2024\/07\/IMG_4838.jpg\",\"width\":1125,\"height\":1500,\"caption\":\"Aragma Ibiza Company sign\"},{\"@type\":\"BreadcrumbList\",\"@id\":\"https:\/\/aragmaibiza.com\/2024\/06\/29\/an-interview-with-aragma-owners-tony-bex\/#breadcrumb\",\"itemListElement\":[{\"@type\":\"ListItem\",\"position\":1,\"name\":\"Home\",\"item\":\"https:\/\/aragmaibiza.com\/\"},{\"@type\":\"ListItem\",\"position\":2,\"name\":\"An interview with Aragma Owners Tony &#038; Bex\"}]},{\"@type\":\"WebSite\",\"@id\":\"https:\/\/aragmaibiza.com\/#website\",\"url\":\"https:\/\/aragmaibiza.com\/\",\"name\":\"Aragma Ibiza\",\"description\":\"Aragma Ibiza\",\"publisher\":{\"@id\":\"https:\/\/aragmaibiza.com\/#organization\"},\"potentialAction\":[{\"@type\":\"SearchAction\",\"target\":{\"@type\":\"EntryPoint\",\"urlTemplate\":\"https:\/\/aragmaibiza.com\/?s={search_term_string}\"},\"query-input\":{\"@type\":\"PropertyValueSpecification\",\"valueRequired\":true,\"valueName\":\"search_term_string\"}}],\"inLanguage\":\"it-IT\"},{\"@type\":\"Organization\",\"@id\":\"https:\/\/aragmaibiza.com\/#organization\",\"name\":\"Aragma Ibiza\",\"url\":\"https:\/\/aragmaibiza.com\/\",\"logo\":{\"@type\":\"ImageObject\",\"inLanguage\":\"it-IT\",\"@id\":\"https:\/\/aragmaibiza.com\/#\/schema\/logo\/image\/\",\"url\":\"https:\/\/aragmaibiza.com\/wp-content\/uploads\/2024\/04\/Aragma-by-Tapas-Ibiza-e1713899753653.webp\",\"contentUrl\":\"https:\/\/aragmaibiza.com\/wp-content\/uploads\/2024\/04\/Aragma-by-Tapas-Ibiza-e1713899753653.webp\",\"width\":1182,\"height\":350,\"caption\":\"Aragma Ibiza\"},\"image\":{\"@id\":\"https:\/\/aragmaibiza.com\/#\/schema\/logo\/image\/\"},\"sameAs\":[\"https:\/\/www.facebook.com\/aragmaibiza\",\"https:\/\/www.instagram.com\/aragmaibiza\/\"]},{\"@type\":\"Person\",\"@id\":\"https:\/\/aragmaibiza.com\/#\/schema\/person\/9993e056c9e515993d45b10d27adc0bd\",\"name\":\"Jess\",\"image\":{\"@type\":\"ImageObject\",\"inLanguage\":\"it-IT\",\"@id\":\"https:\/\/secure.gravatar.com\/avatar\/656b302c2cafba74d34edc63262413e2608b60441baa601ff40d2e878eee4dc0?s=96&d=mm&r=g\",\"url\":\"https:\/\/secure.gravatar.com\/avatar\/656b302c2cafba74d34edc63262413e2608b60441baa601ff40d2e878eee4dc0?s=96&d=mm&r=g\",\"contentUrl\":\"https:\/\/secure.gravatar.com\/avatar\/656b302c2cafba74d34edc63262413e2608b60441baa601ff40d2e878eee4dc0?s=96&d=mm&r=g\",\"caption\":\"Jess\"},\"url\":\"https:\/\/aragmaibiza.com\/it\/author\/jess\/\"}]}<\/script>\n<!-- \/ Yoast SEO plugin. -->","yoast_head_json":{"title":"An interview with Aragma Owners Tony & Bex - Aragma Ibiza","robots":{"index":"index","follow":"follow","max-snippet":"max-snippet:-1","max-image-preview":"max-image-preview:large","max-video-preview":"max-video-preview:-1"},"canonical":"https:\/\/aragmaibiza.com\/it\/2024\/06\/29\/an-interview-with-aragma-owners-tony-bex\/","og_locale":"it_IT","og_type":"article","og_title":"An interview with Aragma Owners Tony & Bex - Aragma Ibiza","og_description":"You are a husband &amp; wife team. How long have you been working together? We first starting working together back in 2007 when Bex was working as the manager at Tony\u2019s cafe in the bay of San Antonio, here in Ibiza. Then in 2012 they went into business together to open Tapas Ibiza. And the [&hellip;]","og_url":"https:\/\/aragmaibiza.com\/it\/2024\/06\/29\/an-interview-with-aragma-owners-tony-bex\/","og_site_name":"Aragma Ibiza","article_publisher":"https:\/\/www.facebook.com\/aragmaibiza","article_published_time":"2024-06-29T14:38:52+00:00","article_modified_time":"2024-07-08T18:13:33+00:00","og_image":[{"width":1125,"height":1500,"url":"https:\/\/aragmaibiza.com\/wp-content\/uploads\/2024\/07\/IMG_4838.jpg","type":"image\/jpeg"}],"author":"Jess","twitter_card":"summary_large_image","twitter_misc":{"Scritto da":"Jess","Tempo di lettura stimato":"3 minuti"},"schema":{"@context":"https:\/\/schema.org","@graph":[{"@type":"Article","@id":"https:\/\/aragmaibiza.com\/2024\/06\/29\/an-interview-with-aragma-owners-tony-bex\/#article","isPartOf":{"@id":"https:\/\/aragmaibiza.com\/2024\/06\/29\/an-interview-with-aragma-owners-tony-bex\/"},"author":{"name":"Jess","@id":"https:\/\/aragmaibiza.com\/#\/schema\/person\/9993e056c9e515993d45b10d27adc0bd"},"headline":"An interview with Aragma Owners Tony &#038; Bex","datePublished":"2024-06-29T14:38:52+00:00","dateModified":"2024-07-08T18:13:33+00:00","mainEntityOfPage":{"@id":"https:\/\/aragmaibiza.com\/2024\/06\/29\/an-interview-with-aragma-owners-tony-bex\/"},"wordCount":542,"publisher":{"@id":"https:\/\/aragmaibiza.com\/#organization"},"image":{"@id":"https:\/\/aragmaibiza.com\/2024\/06\/29\/an-interview-with-aragma-owners-tony-bex\/#primaryimage"},"thumbnailUrl":"https:\/\/aragmaibiza.com\/wp-content\/uploads\/2024\/07\/IMG_4838.jpg","keywords":["Aragma Ibiza","Ibiza","Interview","Owners Interview","Tapas Ibiza","Tapas Restaurants","Tony &amp; Bex"],"articleSection":["Aragma Ibiza - Our Story"],"inLanguage":"it-IT"},{"@type":"WebPage","@id":"https:\/\/aragmaibiza.com\/2024\/06\/29\/an-interview-with-aragma-owners-tony-bex\/","url":"https:\/\/aragmaibiza.com\/2024\/06\/29\/an-interview-with-aragma-owners-tony-bex\/","name":"An interview with Aragma Owners Tony & Bex - Aragma Ibiza","isPartOf":{"@id":"https:\/\/aragmaibiza.com\/#website"},"primaryImageOfPage":{"@id":"https:\/\/aragmaibiza.com\/2024\/06\/29\/an-interview-with-aragma-owners-tony-bex\/#primaryimage"},"image":{"@id":"https:\/\/aragmaibiza.com\/2024\/06\/29\/an-interview-with-aragma-owners-tony-bex\/#primaryimage"},"thumbnailUrl":"https:\/\/aragmaibiza.com\/wp-content\/uploads\/2024\/07\/IMG_4838.jpg","datePublished":"2024-06-29T14:38:52+00:00","dateModified":"2024-07-08T18:13:33+00:00","breadcrumb":{"@id":"https:\/\/aragmaibiza.com\/2024\/06\/29\/an-interview-with-aragma-owners-tony-bex\/#breadcrumb"},"inLanguage":"it-IT","potentialAction":[{"@type":"ReadAction","target":["https:\/\/aragmaibiza.com\/2024\/06\/29\/an-interview-with-aragma-owners-tony-bex\/"]}]},{"@type":"ImageObject","inLanguage":"it-IT","@id":"https:\/\/aragmaibiza.com\/2024\/06\/29\/an-interview-with-aragma-owners-tony-bex\/#primaryimage","url":"https:\/\/aragmaibiza.com\/wp-content\/uploads\/2024\/07\/IMG_4838.jpg","contentUrl":"https:\/\/aragmaibiza.com\/wp-content\/uploads\/2024\/07\/IMG_4838.jpg","width":1125,"height":1500,"caption":"Aragma Ibiza Company sign"},{"@type":"BreadcrumbList","@id":"https:\/\/aragmaibiza.com\/2024\/06\/29\/an-interview-with-aragma-owners-tony-bex\/#breadcrumb","itemListElement":[{"@type":"ListItem","position":1,"name":"Home","item":"https:\/\/aragmaibiza.com\/"},{"@type":"ListItem","position":2,"name":"An interview with Aragma Owners Tony &#038; Bex"}]},{"@type":"WebSite","@id":"https:\/\/aragmaibiza.com\/#website","url":"https:\/\/aragmaibiza.com\/","name":"Aragma Ibiza","description":"Aragma Ibiza","publisher":{"@id":"https:\/\/aragmaibiza.com\/#organization"},"potentialAction":[{"@type":"SearchAction","target":{"@type":"EntryPoint","urlTemplate":"https:\/\/aragmaibiza.com\/?s={search_term_string}"},"query-input":{"@type":"PropertyValueSpecification","valueRequired":true,"valueName":"search_term_string"}}],"inLanguage":"it-IT"},{"@type":"Organization","@id":"https:\/\/aragmaibiza.com\/#organization","name":"Aragma Ibiza","url":"https:\/\/aragmaibiza.com\/","logo":{"@type":"ImageObject","inLanguage":"it-IT","@id":"https:\/\/aragmaibiza.com\/#\/schema\/logo\/image\/","url":"https:\/\/aragmaibiza.com\/wp-content\/uploads\/2024\/04\/Aragma-by-Tapas-Ibiza-e1713899753653.webp","contentUrl":"https:\/\/aragmaibiza.com\/wp-content\/uploads\/2024\/04\/Aragma-by-Tapas-Ibiza-e1713899753653.webp","width":1182,"height":350,"caption":"Aragma Ibiza"},"image":{"@id":"https:\/\/aragmaibiza.com\/#\/schema\/logo\/image\/"},"sameAs":["https:\/\/www.facebook.com\/aragmaibiza","https:\/\/www.instagram.com\/aragmaibiza\/"]},{"@type":"Person","@id":"https:\/\/aragmaibiza.com\/#\/schema\/person\/9993e056c9e515993d45b10d27adc0bd","name":"Ges\u00f9","image":{"@type":"ImageObject","inLanguage":"it-IT","@id":"https:\/\/secure.gravatar.com\/avatar\/656b302c2cafba74d34edc63262413e2608b60441baa601ff40d2e878eee4dc0?s=96&d=mm&r=g","url":"https:\/\/secure.gravatar.com\/avatar\/656b302c2cafba74d34edc63262413e2608b60441baa601ff40d2e878eee4dc0?s=96&d=mm&r=g","contentUrl":"https:\/\/secure.gravatar.com\/avatar\/656b302c2cafba74d34edc63262413e2608b60441baa601ff40d2e878eee4dc0?s=96&d=mm&r=g","caption":"Jess"},"url":"https:\/\/aragmaibiza.com\/it\/author\/jess\/"}]}},"_links":{"self":[{"href":"https:\/\/aragmaibiza.com\/it\/wp-json\/wp\/v2\/posts\/1001","targetHints":{"allow":["GET"]}}],"collection":[{"href":"https:\/\/aragmaibiza.com\/it\/wp-json\/wp\/v2\/posts"}],"about":[{"href":"https:\/\/aragmaibiza.com\/it\/wp-json\/wp\/v2\/types\/post"}],"author":[{"embeddable":true,"href":"https:\/\/aragmaibiza.com\/it\/wp-json\/wp\/v2\/users\/2"}],"replies":[{"embeddable":true,"href":"https:\/\/aragmaibiza.com\/it\/wp-json\/wp\/v2\/comments?post=1001"}],"version-history":[{"count":19,"href":"https:\/\/aragmaibiza.com\/it\/wp-json\/wp\/v2\/posts\/1001\/revisions"}],"predecessor-version":[{"id":1156,"href":"https:\/\/aragmaibiza.com\/it\/wp-json\/wp\/v2\/posts\/1001\/revisions\/1156"}],"wp:featuredmedia":[{"embeddable":true,"href":"https:\/\/aragmaibiza.com\/it\/wp-json\/wp\/v2\/media\/1102"}],"wp:attachment":[{"href":"https:\/\/aragmaibiza.com\/it\/wp-json\/wp\/v2\/media?parent=1001"}],"wp:term":[{"taxonomy":"category","embeddable":true,"href":"https:\/\/aragmaibiza.com\/it\/wp-json\/wp\/v2\/categories?post=1001"},{"taxonomy":"post_tag","embeddable":true,"href":"https:\/\/aragmaibiza.com\/it\/wp-json\/wp\/v2\/tags?post=1001"}],"curies":[{"name":"parola chiave","href":"https:\/\/api.w.org\/{rel}","templated":true}]}}