{"id":1001,"date":"2024-06-29T14:38:52","date_gmt":"2024-06-29T14:38:52","guid":{"rendered":"https:\/\/aragmaibiza.com\/?p=1001"},"modified":"2024-07-08T18:13:33","modified_gmt":"2024-07-08T18:13:33","slug":"an-interview-with-aragma-owners-tony-bex","status":"publish","type":"post","link":"https:\/\/aragmaibiza.com\/fr\/2024\/06\/29\/an-interview-with-aragma-owners-tony-bex\/","title":{"rendered":"An interview with Aragma Owners Tony &amp; Bex"},"content":{"rendered":"<div data-elementor-type=\"wp-post\" data-elementor-id=\"1001\" class=\"elementor elementor-1001\" data-elementor-post-type=\"post\">\n\t\t\t\t<div class=\"elementor-element elementor-element-5c4779da e-con-full e-flex e-con e-parent\" data-id=\"5c4779da\" data-element_type=\"container\" data-e-type=\"container\">\n\t\t\t\t<div class=\"elementor-element elementor-element-a4580e6 elementor-widget elementor-widget-gallery\" data-id=\"a4580e6\" data-element_type=\"widget\" data-e-type=\"widget\" data-settings=\"{&quot;columns&quot;:3,&quot;lazyload&quot;:&quot;yes&quot;,&quot;gallery_layout&quot;:&quot;grid&quot;,&quot;columns_tablet&quot;:2,&quot;columns_mobile&quot;:1,&quot;gap&quot;:{&quot;unit&quot;:&quot;px&quot;,&quot;size&quot;:10,&quot;sizes&quot;:[]},&quot;gap_tablet&quot;:{&quot;unit&quot;:&quot;px&quot;,&quot;size&quot;:10,&quot;sizes&quot;:[]},&quot;gap_mobile&quot;:{&quot;unit&quot;:&quot;px&quot;,&quot;size&quot;:10,&quot;sizes&quot;:[]},&quot;link_to&quot;:&quot;file&quot;,&quot;aspect_ratio&quot;:&quot;3:2&quot;,&quot;overlay_background&quot;:&quot;yes&quot;,&quot;content_hover_animation&quot;:&quot;fade-in&quot;}\" data-widget_type=\"gallery.default\">\n\t\t\t\t<div class=\"elementor-widget-container\">\n\t\t\t\t\t\t\t<div class=\"elementor-gallery__container\">\n\t\t\t\t\t\t\t<a class=\"e-gallery-item elementor-gallery-item elementor-animated-content\" href=\"https:\/\/aragmaibiza.com\/wp-content\/uploads\/2024\/06\/224A7875.jpg\" data-elementor-open-lightbox=\"yes\" data-elementor-lightbox-slideshow=\"a4580e6\" data-elementor-lightbox-title=\"Aragma Owners Tony &amp; Bex\" data-e-action-hash=\"#elementor-action%3Aaction%3Dlightbox%26settings%3DeyJpZCI6MTEzMywidXJsIjoiaHR0cHM6XC9cL2FyYWdtYWliaXphLmNvbVwvd3AtY29udGVudFwvdXBsb2Fkc1wvMjAyNFwvMDZcLzIyNEE3ODc1LmpwZyIsInNsaWRlc2hvdyI6ImE0NTgwZTYifQ%3D%3D\">\n\t\t\t\t\t<div class=\"e-gallery-image elementor-gallery-item__image\" data-thumbnail=\"https:\/\/aragmaibiza.com\/wp-content\/uploads\/2024\/06\/224A7875-768x512.jpg\" data-width=\"768\" data-height=\"512\" aria-label=\"Propri\u00e9taires d&#039;Aragma, Tony et Bex\" role=\"img\" ><\/div>\n\t\t\t\t\t\t\t\t\t\t\t<div class=\"elementor-gallery-item__overlay\"><\/div>\n\t\t\t\t\t\t\t\t\t\t\t\t\t\t<\/a>\n\t\t\t\t\t\t\t<a class=\"e-gallery-item elementor-gallery-item elementor-animated-content\" href=\"https:\/\/aragmaibiza.com\/wp-content\/uploads\/2024\/06\/WhatsApp-Image-2024-06-11-at-16.48.35.jpg\" data-elementor-open-lightbox=\"yes\" data-elementor-lightbox-slideshow=\"a4580e6\" data-elementor-lightbox-title=\"Aragma Owners Tony &amp; Bex\" data-e-action-hash=\"#elementor-action%3Aaction%3Dlightbox%26settings%3DeyJpZCI6MTEyOSwidXJsIjoiaHR0cHM6XC9cL2FyYWdtYWliaXphLmNvbVwvd3AtY29udGVudFwvdXBsb2Fkc1wvMjAyNFwvMDZcL1doYXRzQXBwLUltYWdlLTIwMjQtMDYtMTEtYXQtMTYuNDguMzUuanBnIiwic2xpZGVzaG93IjoiYTQ1ODBlNiJ9\">\n\t\t\t\t\t<div class=\"e-gallery-image elementor-gallery-item__image\" data-thumbnail=\"https:\/\/aragmaibiza.com\/wp-content\/uploads\/2024\/06\/WhatsApp-Image-2024-06-11-at-16.48.35-768x1024.jpg\" data-width=\"768\" data-height=\"1024\" aria-label=\"Tony et Bex, propri\u00e9taires d&#039;Aragma, \u00e0 Ibiza Rocks\" role=\"img\" ><\/div>\n\t\t\t\t\t\t\t\t\t\t\t<div class=\"elementor-gallery-item__overlay\"><\/div>\n\t\t\t\t\t\t\t\t\t\t\t\t\t\t<\/a>\n\t\t\t\t\t\t\t<a class=\"e-gallery-item elementor-gallery-item elementor-animated-content\" href=\"https:\/\/aragmaibiza.com\/wp-content\/uploads\/2024\/06\/224A2483.jpg\" data-elementor-open-lightbox=\"yes\" data-elementor-lightbox-slideshow=\"a4580e6\" data-elementor-lightbox-title=\"Aragma Owners Tony &amp; Bex\" data-e-action-hash=\"#elementor-action%3Aaction%3Dlightbox%26settings%3DeyJpZCI6MTEzMSwidXJsIjoiaHR0cHM6XC9cL2FyYWdtYWliaXphLmNvbVwvd3AtY29udGVudFwvdXBsb2Fkc1wvMjAyNFwvMDZcLzIyNEEyNDgzLmpwZyIsInNsaWRlc2hvdyI6ImE0NTgwZTYifQ%3D%3D\">\n\t\t\t\t\t<div class=\"e-gallery-image elementor-gallery-item__image\" data-thumbnail=\"https:\/\/aragmaibiza.com\/wp-content\/uploads\/2024\/06\/224A2483-768x1152.jpg\" data-width=\"768\" data-height=\"1152\" aria-label=\"Propri\u00e9taires d&#039;Aragma, Tony et Bex\" role=\"img\" ><\/div>\n\t\t\t\t\t\t\t\t\t\t\t<div class=\"elementor-gallery-item__overlay\"><\/div>\n\t\t\t\t\t\t\t\t\t\t\t\t\t\t<\/a>\n\t\t\t\t\t<\/div>\n\t\t\t\t\t<\/div>\n\t\t\t\t<\/div>\n\t\t\t\t<div class=\"elementor-element elementor-element-7498f6d elementor-widget elementor-widget-text-editor\" data-id=\"7498f6d\" data-element_type=\"widget\" data-e-type=\"widget\" data-widget_type=\"text-editor.default\">\n\t\t\t\t<div class=\"elementor-widget-container\">\n\t\t\t\t\t\t\t\t\t<p class=\"p3\"><b>Vous \u00eates une \u00e9quipe mari et femme. Depuis combien de temps travaillez-vous ensemble ? <\/b><\/p><p class=\"p3\">Nous avons commenc\u00e9 \u00e0 travailler ensemble en 2007, lorsque Bex travaillait comme directeur du caf\u00e9 Tony&#039;s dans la baie de San Antonio, ici \u00e0 Ibiza. Puis, en 2012, ils se sont lanc\u00e9s en affaires ensemble pour ouvrir Tapas Ibiza. Et le reste, comme on dit, c&#039;est de l&#039;histoire.<br \/><br \/><\/p><p class=\"p3\"><b>Comment trouvez-vous le travail ensemble ? Quels sont les avantages et inconv\u00e9nients? Pouvez-vous vraiment vous d\u00e9connecter ? <\/b><\/p><p class=\"p3\">\u00c0 vrai dire, il peut parfois \u00eatre tr\u00e8s difficile de se d\u00e9connecter. Nous finissons toujours par discuter du travail. Mais c\u2019est quelque chose sur lequel nous travaillons constamment. En g\u00e9n\u00e9ral, nous aimons vraiment travailler ensemble. C\u2019est formidable que nous soyons toujours l\u00e0 pour nous entraider et nous soutenir \u00e0 chaque \u00e9tape.<br \/><br \/><\/p><p class=\"p3\"><b>Pourquoi avez-vous d\u00e9cid\u00e9 d\u2019ouvrir un autre restaurant ? <\/b><\/p><p class=\"p3\">Apparemment, tout est de la faute de Tony !!<\/p><p class=\"p3\">C&#039;est une chose \u00e0 laquelle nous r\u00e9fl\u00e9chissons depuis un moment. Nous voulions juste attendre le bon moment et la bonne opportunit\u00e9. Et quand nous avons vu Aragma, nous avons tout de suite vu le potentiel.<\/p><p class=\"p3\">Nous adorons le concept des tapas, partageant beaucoup de petites assiettes int\u00e9ressantes. Et j&#039;avais envie d&#039;explorer ce concept avec une cuisine diff\u00e9rente. <br \/>Nous sommes \u00e9galement extr\u00eamement chanceux d\u2019avoir une \u00e9quipe exceptionnelle derri\u00e8re nous. Sans eux, rien de tout cela ne serait possible. C\u2019est \u00e9galement une excellente opportunit\u00e9 pour l\u2019\u00e9quipe et pour nous de pouvoir grandir ensemble.<br \/><br \/><\/p><p class=\"p3\"><b>Pourquoi avez-vous opt\u00e9 pour le concept des petites assiettes grecques m\u00e9diterran\u00e9ennes ? <\/b><\/p><p class=\"p3\">C\u2019\u00e9tait en fait une d\u00e9cision tr\u00e8s rapide et facile. Principalement parce que notre chef ex\u00e9cutif Alex est lui-m\u00eame grec. Il \u00e9tait notre chef cuisinier chez Tapas et, au fil des ann\u00e9es, a cr\u00e9\u00e9 plusieurs plats aux influences grecques. La r\u00e9ponse des clients a toujours \u00e9t\u00e9 fantastique. C&#039;est donc grec...<\/p>\t\t\t\t\t\t\t\t<\/div>\n\t\t\t\t<\/div>\n\t\t\t\t<div class=\"elementor-element elementor-element-9e6eb4a elementor-widget elementor-widget-gallery\" data-id=\"9e6eb4a\" data-element_type=\"widget\" data-e-type=\"widget\" data-settings=\"{&quot;columns&quot;:3,&quot;lazyload&quot;:&quot;yes&quot;,&quot;gallery_layout&quot;:&quot;grid&quot;,&quot;columns_tablet&quot;:2,&quot;columns_mobile&quot;:1,&quot;gap&quot;:{&quot;unit&quot;:&quot;px&quot;,&quot;size&quot;:10,&quot;sizes&quot;:[]},&quot;gap_tablet&quot;:{&quot;unit&quot;:&quot;px&quot;,&quot;size&quot;:10,&quot;sizes&quot;:[]},&quot;gap_mobile&quot;:{&quot;unit&quot;:&quot;px&quot;,&quot;size&quot;:10,&quot;sizes&quot;:[]},&quot;link_to&quot;:&quot;file&quot;,&quot;aspect_ratio&quot;:&quot;3:2&quot;,&quot;overlay_background&quot;:&quot;yes&quot;,&quot;content_hover_animation&quot;:&quot;fade-in&quot;}\" data-widget_type=\"gallery.default\">\n\t\t\t\t<div class=\"elementor-widget-container\">\n\t\t\t\t\t\t\t<div class=\"elementor-gallery__container\">\n\t\t\t\t\t\t\t<a class=\"e-gallery-item elementor-gallery-item elementor-animated-content\" href=\"https:\/\/aragmaibiza.com\/wp-content\/uploads\/2024\/06\/WhatsApp-Image-2024-06-11-at-16.47.03.jpg\" data-elementor-open-lightbox=\"yes\" data-elementor-lightbox-slideshow=\"9e6eb4a\" data-elementor-lightbox-title=\"Boat Days with the Dikomites\" data-e-action-hash=\"#elementor-action%3Aaction%3Dlightbox%26settings%3DeyJpZCI6MTEyOCwidXJsIjoiaHR0cHM6XC9cL2FyYWdtYWliaXphLmNvbVwvd3AtY29udGVudFwvdXBsb2Fkc1wvMjAyNFwvMDZcL1doYXRzQXBwLUltYWdlLTIwMjQtMDYtMTEtYXQtMTYuNDcuMDMuanBnIiwic2xpZGVzaG93IjoiOWU2ZWI0YSJ9\">\n\t\t\t\t\t<div class=\"e-gallery-image elementor-gallery-item__image\" data-thumbnail=\"https:\/\/aragmaibiza.com\/wp-content\/uploads\/2024\/06\/WhatsApp-Image-2024-06-11-at-16.47.03-768x1024.jpg\" data-width=\"768\" data-height=\"1024\" aria-label=\"Journ\u00e9es bateaux avec Tony &amp; Bex\" role=\"img\" ><\/div>\n\t\t\t\t\t\t\t\t\t\t\t<div class=\"elementor-gallery-item__overlay\"><\/div>\n\t\t\t\t\t\t\t\t\t\t\t\t\t\t<\/a>\n\t\t\t\t\t\t\t<a class=\"e-gallery-item elementor-gallery-item elementor-animated-content\" href=\"https:\/\/aragmaibiza.com\/wp-content\/uploads\/2024\/06\/WhatsApp-Image-2024-06-11-at-16.49.44.jpg\" data-elementor-open-lightbox=\"yes\" data-elementor-lightbox-slideshow=\"9e6eb4a\" data-elementor-lightbox-title=\"Aragma Owners with their dog Dana and friends\" data-e-action-hash=\"#elementor-action%3Aaction%3Dlightbox%26settings%3DeyJpZCI6MTEzMCwidXJsIjoiaHR0cHM6XC9cL2FyYWdtYWliaXphLmNvbVwvd3AtY29udGVudFwvdXBsb2Fkc1wvMjAyNFwvMDZcL1doYXRzQXBwLUltYWdlLTIwMjQtMDYtMTEtYXQtMTYuNDkuNDQuanBnIiwic2xpZGVzaG93IjoiOWU2ZWI0YSJ9\">\n\t\t\t\t\t<div class=\"e-gallery-image elementor-gallery-item__image\" data-thumbnail=\"https:\/\/aragmaibiza.com\/wp-content\/uploads\/2024\/06\/WhatsApp-Image-2024-06-11-at-16.49.44-768x742.jpg\" data-width=\"768\" data-height=\"742\" aria-label=\"Les propri\u00e9taires d&#039;Aragma, Tony et Bex, se d\u00e9tendent avec leur chien et leurs amis\" role=\"img\" ><\/div>\n\t\t\t\t\t\t\t\t\t\t\t<div class=\"elementor-gallery-item__overlay\"><\/div>\n\t\t\t\t\t\t\t\t\t\t\t\t\t\t<\/a>\n\t\t\t\t\t\t\t<a class=\"e-gallery-item elementor-gallery-item elementor-animated-content\" href=\"https:\/\/aragmaibiza.com\/wp-content\/uploads\/2024\/06\/IMG_0541.jpg\" data-elementor-open-lightbox=\"yes\" data-elementor-lightbox-slideshow=\"9e6eb4a\" data-elementor-lightbox-title=\"Winter Walks with friends\" data-e-action-hash=\"#elementor-action%3Aaction%3Dlightbox%26settings%3DeyJpZCI6MTEyNywidXJsIjoiaHR0cHM6XC9cL2FyYWdtYWliaXphLmNvbVwvd3AtY29udGVudFwvdXBsb2Fkc1wvMjAyNFwvMDZcL0lNR18wNTQxLmpwZyIsInNsaWRlc2hvdyI6IjllNmViNGEifQ%3D%3D\">\n\t\t\t\t\t<div class=\"e-gallery-image elementor-gallery-item__image\" data-thumbnail=\"https:\/\/aragmaibiza.com\/wp-content\/uploads\/2024\/06\/IMG_0541-768x1024.jpg\" data-width=\"768\" data-height=\"1024\" aria-label=\"Promenades hivernales entre amis, Ibiza\" role=\"img\" ><\/div>\n\t\t\t\t\t\t\t\t\t\t\t<div class=\"elementor-gallery-item__overlay\"><\/div>\n\t\t\t\t\t\t\t\t\t\t\t\t\t\t<\/a>\n\t\t\t\t\t<\/div>\n\t\t\t\t\t<\/div>\n\t\t\t\t<\/div>\n\t\t\t\t<div class=\"elementor-element elementor-element-649297a0 elementor-widget elementor-widget-text-editor\" data-id=\"649297a0\" data-element_type=\"widget\" data-e-type=\"widget\" data-widget_type=\"text-editor.default\">\n\t\t\t\t<div class=\"elementor-widget-container\">\n\t\t\t\t\t\t\t\t\t<p class=\"p3\"><b>Vous \u00eates \u00e9galement propri\u00e9taire du populaire restaurant Tapas Ibiza ? Quel est votre secret pour r\u00e9ussir ? <\/b><\/p><p class=\"p3\">Honn\u00eatement, ce n\u2019est pas un grand secret, notre objectif a toujours \u00e9t\u00e9 de faire en sorte que les clients et le personnel appr\u00e9cient vraiment d\u2019\u00eatre au restaurant. Sans l\u2019un ou l\u2019autre, nous n\u2019aurions rien.<\/p><p>Nous cherchons continuellement des moyens de nous am\u00e9liorer et de cro\u00eetre. Et \u00e9coutez toute notre \u00e9quipe pour obtenir leurs commentaires sur la fa\u00e7on dont nous pouvons nous assurer qu\u2019ils disposent de tout ce dont ils ont besoin pour bien faire leur travail. S\u2019ils sont tous satisfaits, cela se r\u00e9percutera \u00e9galement sur nos clients.<\/p><p class=\"p3\"><b>Qu\u2019aimez-vous faire pendant votre temps libre ? <\/b><\/p><p class=\"p3\">Nous appr\u00e9cions vraiment le c\u00f4t\u00e9 calme de l&#039;\u00eele lorsque nous ne travaillons pas. Nous aimons faire de belles promenades, des apr\u00e8s-midi farniente \u00e0 la plage suivis d&#039;un bon d\u00e9jeuner. Nous aimons tous les deux lire et nous blottir sur le canap\u00e9 avec notre adorable chien Dana.<\/p><p class=\"p3\"><b>A part vos restaurants, quel est votre restaurant pr\u00e9f\u00e9r\u00e9 sur l\u2019\u00eele ?<\/b><\/p><p class=\"p3\">Les gens nous le demandent souvent. Et c&#039;est une question vraiment difficile. Il y a tellement de bons restaurants sur l&#039;\u00eele. C&#039;est<span class=\"Apple-converted-space\">\u00a0 <\/span>difficile d&#039;en choisir un seul. Nos restaurants lorsque nous recevons de la famille et des amis sont g\u00e9n\u00e9ralement Es Virot ou Kasbah.<\/p><p><b>Et enfin quelle est votre plage pr\u00e9f\u00e9r\u00e9e de l\u2019\u00eele ? <\/b><\/p><p class=\"p3\">Cala Tarida est notre pr\u00e9f\u00e9r\u00e9e. Non seulement c&#039;est assez local chez nous, mais l&#039;eau y est incroyable.<\/p>\t\t\t\t\t\t\t\t<\/div>\n\t\t\t\t<\/div>\n\t\t\t\t<div class=\"elementor-element elementor-element-8273c64 elementor-widget elementor-widget-gallery\" data-id=\"8273c64\" data-element_type=\"widget\" data-e-type=\"widget\" data-settings=\"{&quot;lazyload&quot;:&quot;yes&quot;,&quot;gallery_layout&quot;:&quot;grid&quot;,&quot;columns&quot;:4,&quot;columns_tablet&quot;:2,&quot;columns_mobile&quot;:1,&quot;gap&quot;:{&quot;unit&quot;:&quot;px&quot;,&quot;size&quot;:10,&quot;sizes&quot;:[]},&quot;gap_tablet&quot;:{&quot;unit&quot;:&quot;px&quot;,&quot;size&quot;:10,&quot;sizes&quot;:[]},&quot;gap_mobile&quot;:{&quot;unit&quot;:&quot;px&quot;,&quot;size&quot;:10,&quot;sizes&quot;:[]},&quot;link_to&quot;:&quot;file&quot;,&quot;aspect_ratio&quot;:&quot;3:2&quot;,&quot;overlay_background&quot;:&quot;yes&quot;,&quot;content_hover_animation&quot;:&quot;fade-in&quot;}\" data-widget_type=\"gallery.default\">\n\t\t\t\t<div class=\"elementor-widget-container\">\n\t\t\t\t\t\t\t<div class=\"elementor-gallery__container\">\n\t\t\t\t\t\t\t<a class=\"e-gallery-item elementor-gallery-item elementor-animated-content\" href=\"https:\/\/aragmaibiza.com\/wp-content\/uploads\/2024\/06\/448833600_10160204987250885_6155704890538403757_n.jpg\" data-elementor-open-lightbox=\"yes\" data-elementor-lightbox-slideshow=\"8273c64\" data-elementor-lightbox-title=\"Family Meal at Tapas Ibiza with Tony &amp; Bex\" data-e-action-hash=\"#elementor-action%3Aaction%3Dlightbox%26settings%3DeyJpZCI6MTEzOCwidXJsIjoiaHR0cHM6XC9cL2FyYWdtYWliaXphLmNvbVwvd3AtY29udGVudFwvdXBsb2Fkc1wvMjAyNFwvMDZcLzQ0ODgzMzYwMF8xMDE2MDIwNDk4NzI1MDg4NV82MTU1NzA0ODkwNTM4NDAzNzU3X24uanBnIiwic2xpZGVzaG93IjoiODI3M2M2NCJ9\">\n\t\t\t\t\t<div class=\"e-gallery-image elementor-gallery-item__image\" data-thumbnail=\"https:\/\/aragmaibiza.com\/wp-content\/uploads\/2024\/06\/448833600_10160204987250885_6155704890538403757_n-768x768.jpg\" data-width=\"768\" data-height=\"768\" aria-label=\"Repas de famille \u00e0 Tapas Ibiza avec Tony &amp; Bex\" role=\"img\" ><\/div>\n\t\t\t\t\t\t\t\t\t\t\t<div class=\"elementor-gallery-item__overlay\"><\/div>\n\t\t\t\t\t\t\t\t\t\t\t\t\t\t<\/a>\n\t\t\t\t\t\t\t<a class=\"e-gallery-item elementor-gallery-item elementor-animated-content\" href=\"https:\/\/aragmaibiza.com\/wp-content\/uploads\/2024\/06\/448830866_10160204987260885_3171095168107201546_n.jpg\" data-elementor-open-lightbox=\"yes\" data-elementor-lightbox-slideshow=\"8273c64\" data-elementor-lightbox-title=\"Family Meal at Tapas Ibiza with Tony &amp; Bex\" data-e-action-hash=\"#elementor-action%3Aaction%3Dlightbox%26settings%3DeyJpZCI6MTEzNywidXJsIjoiaHR0cHM6XC9cL2FyYWdtYWliaXphLmNvbVwvd3AtY29udGVudFwvdXBsb2Fkc1wvMjAyNFwvMDZcLzQ0ODgzMDg2Nl8xMDE2MDIwNDk4NzI2MDg4NV8zMTcxMDk1MTY4MTA3MjAxNTQ2X24uanBnIiwic2xpZGVzaG93IjoiODI3M2M2NCJ9\">\n\t\t\t\t\t<div class=\"e-gallery-image elementor-gallery-item__image\" data-thumbnail=\"https:\/\/aragmaibiza.com\/wp-content\/uploads\/2024\/06\/448830866_10160204987260885_3171095168107201546_n-768x768.jpg\" data-width=\"768\" data-height=\"768\" aria-label=\"Repas de famille \u00e0 Tapas Ibiza avec Tony &amp; Bex\" role=\"img\" ><\/div>\n\t\t\t\t\t\t\t\t\t\t\t<div class=\"elementor-gallery-item__overlay\"><\/div>\n\t\t\t\t\t\t\t\t\t\t\t\t\t\t<\/a>\n\t\t\t\t\t\t\t<a class=\"e-gallery-item elementor-gallery-item elementor-animated-content\" href=\"https:\/\/aragmaibiza.com\/wp-content\/uploads\/2024\/06\/448830816_10160204987265885_2000956667499154069_n.jpg\" data-elementor-open-lightbox=\"yes\" data-elementor-lightbox-slideshow=\"8273c64\" data-elementor-lightbox-title=\"Family Beach Day with Aragma Owners Tony &amp; Bex\" data-e-action-hash=\"#elementor-action%3Aaction%3Dlightbox%26settings%3DeyJpZCI6MTEzNiwidXJsIjoiaHR0cHM6XC9cL2FyYWdtYWliaXphLmNvbVwvd3AtY29udGVudFwvdXBsb2Fkc1wvMjAyNFwvMDZcLzQ0ODgzMDgxNl8xMDE2MDIwNDk4NzI2NTg4NV8yMDAwOTU2NjY3NDk5MTU0MDY5X24uanBnIiwic2xpZGVzaG93IjoiODI3M2M2NCJ9\">\n\t\t\t\t\t<div class=\"e-gallery-image elementor-gallery-item__image\" data-thumbnail=\"https:\/\/aragmaibiza.com\/wp-content\/uploads\/2024\/06\/448830816_10160204987265885_2000956667499154069_n-768x768.jpg\" data-width=\"768\" data-height=\"768\" aria-label=\"Journ\u00e9e \u00e0 la plage en famille avec les propri\u00e9taires d&#039;Aragma, Tony et Bex\" role=\"img\" ><\/div>\n\t\t\t\t\t\t\t\t\t\t\t<div class=\"elementor-gallery-item__overlay\"><\/div>\n\t\t\t\t\t\t\t\t\t\t\t\t\t\t<\/a>\n\t\t\t\t\t\t\t<a class=\"e-gallery-item elementor-gallery-item elementor-animated-content\" href=\"https:\/\/aragmaibiza.com\/wp-content\/uploads\/2024\/06\/448739672_10160204987245885_3324672582622169252_n.jpg\" data-elementor-open-lightbox=\"yes\" data-elementor-lightbox-slideshow=\"8273c64\" data-elementor-lightbox-title=\"Family Meal at Aragma Ibiza with Tony &amp; Bex\" data-e-action-hash=\"#elementor-action%3Aaction%3Dlightbox%26settings%3DeyJpZCI6MTEzNSwidXJsIjoiaHR0cHM6XC9cL2FyYWdtYWliaXphLmNvbVwvd3AtY29udGVudFwvdXBsb2Fkc1wvMjAyNFwvMDZcLzQ0ODczOTY3Ml8xMDE2MDIwNDk4NzI0NTg4NV8zMzI0NjcyNTgyNjIyMTY5MjUyX24uanBnIiwic2xpZGVzaG93IjoiODI3M2M2NCJ9\">\n\t\t\t\t\t<div class=\"e-gallery-image elementor-gallery-item__image\" data-thumbnail=\"https:\/\/aragmaibiza.com\/wp-content\/uploads\/2024\/06\/448739672_10160204987245885_3324672582622169252_n-768x768.jpg\" data-width=\"768\" data-height=\"768\" aria-label=\"Repas de famille \u00e0 Aragma Ibiza avec Tony &amp; Bex\" role=\"img\" ><\/div>\n\t\t\t\t\t\t\t\t\t\t\t<div class=\"elementor-gallery-item__overlay\"><\/div>\n\t\t\t\t\t\t\t\t\t\t\t\t\t\t<\/a>\n\t\t\t\t\t<\/div>\n\t\t\t\t\t<\/div>\n\t\t\t\t<\/div>\n\t\t\t\t<\/div>\n\t\t\t\t<\/div>","protected":false},"excerpt":{"rendered":"<p>You are a husband &amp; wife team. How long have you been working together? We first starting working together back in 2007 when Bex was working as the manager at Tony\u2019s cafe in the bay of San Antonio, here in Ibiza. Then in 2012 they went into business together to open Tapas Ibiza. And the [&hellip;]<\/p>\n","protected":false},"author":2,"featured_media":1102,"comment_status":"closed","ping_status":"open","sticky":false,"template":"","format":"standard","meta":{"footnotes":""},"categories":[21],"tags":[11,13,26,24,23,27,25],"class_list":["post-1001","post","type-post","status-publish","format-standard","has-post-thumbnail","hentry","category-aragma-ibiza-our-story","tag-aragma-ibiza","tag-ibiza","tag-interview","tag-owners-interview","tag-tapas-ibiza","tag-tapas-restaurants","tag-tony-bex"],"yoast_head":"<!-- This site is optimized with the Yoast SEO plugin v27.2 - https:\/\/yoast.com\/product\/yoast-seo-wordpress\/ -->\n<title>An interview with Aragma Owners Tony &amp; Bex - Aragma Ibiza<\/title>\n<meta name=\"robots\" content=\"index, follow, max-snippet:-1, max-image-preview:large, max-video-preview:-1\" \/>\n<link rel=\"canonical\" href=\"https:\/\/aragmaibiza.com\/fr\/2024\/06\/29\/an-interview-with-aragma-owners-tony-bex\/\" \/>\n<meta property=\"og:locale\" content=\"fr_FR\" \/>\n<meta property=\"og:type\" content=\"article\" \/>\n<meta property=\"og:title\" content=\"An interview with Aragma Owners Tony &amp; Bex - Aragma Ibiza\" \/>\n<meta property=\"og:description\" content=\"You are a husband &amp; wife team. How long have you been working together? We first starting working together back in 2007 when Bex was working as the manager at Tony\u2019s cafe in the bay of San Antonio, here in Ibiza. Then in 2012 they went into business together to open Tapas Ibiza. And the [&hellip;]\" \/>\n<meta property=\"og:url\" content=\"https:\/\/aragmaibiza.com\/fr\/2024\/06\/29\/an-interview-with-aragma-owners-tony-bex\/\" \/>\n<meta property=\"og:site_name\" content=\"Aragma Ibiza\" \/>\n<meta property=\"article:publisher\" content=\"https:\/\/www.facebook.com\/aragmaibiza\" \/>\n<meta property=\"article:published_time\" content=\"2024-06-29T14:38:52+00:00\" \/>\n<meta property=\"article:modified_time\" content=\"2024-07-08T18:13:33+00:00\" \/>\n<meta property=\"og:image\" content=\"https:\/\/aragmaibiza.com\/wp-content\/uploads\/2024\/07\/IMG_4838.jpg\" \/>\n\t<meta property=\"og:image:width\" content=\"1125\" \/>\n\t<meta property=\"og:image:height\" content=\"1500\" \/>\n\t<meta property=\"og:image:type\" content=\"image\/jpeg\" \/>\n<meta name=\"author\" content=\"Jess\" \/>\n<meta name=\"twitter:card\" content=\"summary_large_image\" \/>\n<meta name=\"twitter:label1\" content=\"\u00c9crit par\" \/>\n\t<meta name=\"twitter:data1\" content=\"Jess\" \/>\n\t<meta name=\"twitter:label2\" content=\"Dur\u00e9e de lecture estim\u00e9e\" \/>\n\t<meta name=\"twitter:data2\" content=\"3 minutes\" \/>\n<script type=\"application\/ld+json\" class=\"yoast-schema-graph\">{\"@context\":\"https:\/\/schema.org\",\"@graph\":[{\"@type\":\"Article\",\"@id\":\"https:\/\/aragmaibiza.com\/2024\/06\/29\/an-interview-with-aragma-owners-tony-bex\/#article\",\"isPartOf\":{\"@id\":\"https:\/\/aragmaibiza.com\/2024\/06\/29\/an-interview-with-aragma-owners-tony-bex\/\"},\"author\":{\"name\":\"Jess\",\"@id\":\"https:\/\/aragmaibiza.com\/#\/schema\/person\/9993e056c9e515993d45b10d27adc0bd\"},\"headline\":\"An interview with Aragma Owners Tony &#038; Bex\",\"datePublished\":\"2024-06-29T14:38:52+00:00\",\"dateModified\":\"2024-07-08T18:13:33+00:00\",\"mainEntityOfPage\":{\"@id\":\"https:\/\/aragmaibiza.com\/2024\/06\/29\/an-interview-with-aragma-owners-tony-bex\/\"},\"wordCount\":542,\"publisher\":{\"@id\":\"https:\/\/aragmaibiza.com\/#organization\"},\"image\":{\"@id\":\"https:\/\/aragmaibiza.com\/2024\/06\/29\/an-interview-with-aragma-owners-tony-bex\/#primaryimage\"},\"thumbnailUrl\":\"https:\/\/aragmaibiza.com\/wp-content\/uploads\/2024\/07\/IMG_4838.jpg\",\"keywords\":[\"Aragma Ibiza\",\"Ibiza\",\"Interview\",\"Owners Interview\",\"Tapas Ibiza\",\"Tapas Restaurants\",\"Tony &amp; Bex\"],\"articleSection\":[\"Aragma Ibiza - Our Story\"],\"inLanguage\":\"fr-FR\"},{\"@type\":\"WebPage\",\"@id\":\"https:\/\/aragmaibiza.com\/2024\/06\/29\/an-interview-with-aragma-owners-tony-bex\/\",\"url\":\"https:\/\/aragmaibiza.com\/2024\/06\/29\/an-interview-with-aragma-owners-tony-bex\/\",\"name\":\"An interview with Aragma Owners Tony & Bex - Aragma Ibiza\",\"isPartOf\":{\"@id\":\"https:\/\/aragmaibiza.com\/#website\"},\"primaryImageOfPage\":{\"@id\":\"https:\/\/aragmaibiza.com\/2024\/06\/29\/an-interview-with-aragma-owners-tony-bex\/#primaryimage\"},\"image\":{\"@id\":\"https:\/\/aragmaibiza.com\/2024\/06\/29\/an-interview-with-aragma-owners-tony-bex\/#primaryimage\"},\"thumbnailUrl\":\"https:\/\/aragmaibiza.com\/wp-content\/uploads\/2024\/07\/IMG_4838.jpg\",\"datePublished\":\"2024-06-29T14:38:52+00:00\",\"dateModified\":\"2024-07-08T18:13:33+00:00\",\"breadcrumb\":{\"@id\":\"https:\/\/aragmaibiza.com\/2024\/06\/29\/an-interview-with-aragma-owners-tony-bex\/#breadcrumb\"},\"inLanguage\":\"fr-FR\",\"potentialAction\":[{\"@type\":\"ReadAction\",\"target\":[\"https:\/\/aragmaibiza.com\/2024\/06\/29\/an-interview-with-aragma-owners-tony-bex\/\"]}]},{\"@type\":\"ImageObject\",\"inLanguage\":\"fr-FR\",\"@id\":\"https:\/\/aragmaibiza.com\/2024\/06\/29\/an-interview-with-aragma-owners-tony-bex\/#primaryimage\",\"url\":\"https:\/\/aragmaibiza.com\/wp-content\/uploads\/2024\/07\/IMG_4838.jpg\",\"contentUrl\":\"https:\/\/aragmaibiza.com\/wp-content\/uploads\/2024\/07\/IMG_4838.jpg\",\"width\":1125,\"height\":1500,\"caption\":\"Aragma Ibiza Company sign\"},{\"@type\":\"BreadcrumbList\",\"@id\":\"https:\/\/aragmaibiza.com\/2024\/06\/29\/an-interview-with-aragma-owners-tony-bex\/#breadcrumb\",\"itemListElement\":[{\"@type\":\"ListItem\",\"position\":1,\"name\":\"Home\",\"item\":\"https:\/\/aragmaibiza.com\/\"},{\"@type\":\"ListItem\",\"position\":2,\"name\":\"An interview with Aragma Owners Tony &#038; Bex\"}]},{\"@type\":\"WebSite\",\"@id\":\"https:\/\/aragmaibiza.com\/#website\",\"url\":\"https:\/\/aragmaibiza.com\/\",\"name\":\"Aragma Ibiza\",\"description\":\"Aragma Ibiza\",\"publisher\":{\"@id\":\"https:\/\/aragmaibiza.com\/#organization\"},\"potentialAction\":[{\"@type\":\"SearchAction\",\"target\":{\"@type\":\"EntryPoint\",\"urlTemplate\":\"https:\/\/aragmaibiza.com\/?s={search_term_string}\"},\"query-input\":{\"@type\":\"PropertyValueSpecification\",\"valueRequired\":true,\"valueName\":\"search_term_string\"}}],\"inLanguage\":\"fr-FR\"},{\"@type\":\"Organization\",\"@id\":\"https:\/\/aragmaibiza.com\/#organization\",\"name\":\"Aragma Ibiza\",\"url\":\"https:\/\/aragmaibiza.com\/\",\"logo\":{\"@type\":\"ImageObject\",\"inLanguage\":\"fr-FR\",\"@id\":\"https:\/\/aragmaibiza.com\/#\/schema\/logo\/image\/\",\"url\":\"https:\/\/aragmaibiza.com\/wp-content\/uploads\/2024\/04\/Aragma-by-Tapas-Ibiza-e1713899753653.webp\",\"contentUrl\":\"https:\/\/aragmaibiza.com\/wp-content\/uploads\/2024\/04\/Aragma-by-Tapas-Ibiza-e1713899753653.webp\",\"width\":1182,\"height\":350,\"caption\":\"Aragma Ibiza\"},\"image\":{\"@id\":\"https:\/\/aragmaibiza.com\/#\/schema\/logo\/image\/\"},\"sameAs\":[\"https:\/\/www.facebook.com\/aragmaibiza\",\"https:\/\/www.instagram.com\/aragmaibiza\/\"]},{\"@type\":\"Person\",\"@id\":\"https:\/\/aragmaibiza.com\/#\/schema\/person\/9993e056c9e515993d45b10d27adc0bd\",\"name\":\"Jess\",\"image\":{\"@type\":\"ImageObject\",\"inLanguage\":\"fr-FR\",\"@id\":\"https:\/\/secure.gravatar.com\/avatar\/656b302c2cafba74d34edc63262413e2608b60441baa601ff40d2e878eee4dc0?s=96&d=mm&r=g\",\"url\":\"https:\/\/secure.gravatar.com\/avatar\/656b302c2cafba74d34edc63262413e2608b60441baa601ff40d2e878eee4dc0?s=96&d=mm&r=g\",\"contentUrl\":\"https:\/\/secure.gravatar.com\/avatar\/656b302c2cafba74d34edc63262413e2608b60441baa601ff40d2e878eee4dc0?s=96&d=mm&r=g\",\"caption\":\"Jess\"},\"url\":\"https:\/\/aragmaibiza.com\/fr\/author\/jess\/\"}]}<\/script>\n<!-- \/ Yoast SEO plugin. -->","yoast_head_json":{"title":"An interview with Aragma Owners Tony & Bex - Aragma Ibiza","robots":{"index":"index","follow":"follow","max-snippet":"max-snippet:-1","max-image-preview":"max-image-preview:large","max-video-preview":"max-video-preview:-1"},"canonical":"https:\/\/aragmaibiza.com\/fr\/2024\/06\/29\/an-interview-with-aragma-owners-tony-bex\/","og_locale":"fr_FR","og_type":"article","og_title":"An interview with Aragma Owners Tony & Bex - Aragma Ibiza","og_description":"You are a husband &amp; wife team. How long have you been working together? We first starting working together back in 2007 when Bex was working as the manager at Tony\u2019s cafe in the bay of San Antonio, here in Ibiza. Then in 2012 they went into business together to open Tapas Ibiza. And the [&hellip;]","og_url":"https:\/\/aragmaibiza.com\/fr\/2024\/06\/29\/an-interview-with-aragma-owners-tony-bex\/","og_site_name":"Aragma Ibiza","article_publisher":"https:\/\/www.facebook.com\/aragmaibiza","article_published_time":"2024-06-29T14:38:52+00:00","article_modified_time":"2024-07-08T18:13:33+00:00","og_image":[{"width":1125,"height":1500,"url":"https:\/\/aragmaibiza.com\/wp-content\/uploads\/2024\/07\/IMG_4838.jpg","type":"image\/jpeg"}],"author":"Jess","twitter_card":"summary_large_image","twitter_misc":{"\u00c9crit par":"Jess","Dur\u00e9e de lecture estim\u00e9e":"3 minutes"},"schema":{"@context":"https:\/\/schema.org","@graph":[{"@type":"Article","@id":"https:\/\/aragmaibiza.com\/2024\/06\/29\/an-interview-with-aragma-owners-tony-bex\/#article","isPartOf":{"@id":"https:\/\/aragmaibiza.com\/2024\/06\/29\/an-interview-with-aragma-owners-tony-bex\/"},"author":{"name":"Jess","@id":"https:\/\/aragmaibiza.com\/#\/schema\/person\/9993e056c9e515993d45b10d27adc0bd"},"headline":"An interview with Aragma Owners Tony &#038; Bex","datePublished":"2024-06-29T14:38:52+00:00","dateModified":"2024-07-08T18:13:33+00:00","mainEntityOfPage":{"@id":"https:\/\/aragmaibiza.com\/2024\/06\/29\/an-interview-with-aragma-owners-tony-bex\/"},"wordCount":542,"publisher":{"@id":"https:\/\/aragmaibiza.com\/#organization"},"image":{"@id":"https:\/\/aragmaibiza.com\/2024\/06\/29\/an-interview-with-aragma-owners-tony-bex\/#primaryimage"},"thumbnailUrl":"https:\/\/aragmaibiza.com\/wp-content\/uploads\/2024\/07\/IMG_4838.jpg","keywords":["Aragma Ibiza","Ibiza","Interview","Owners Interview","Tapas Ibiza","Tapas Restaurants","Tony &amp; Bex"],"articleSection":["Aragma Ibiza - Our Story"],"inLanguage":"fr-FR"},{"@type":"WebPage","@id":"https:\/\/aragmaibiza.com\/2024\/06\/29\/an-interview-with-aragma-owners-tony-bex\/","url":"https:\/\/aragmaibiza.com\/2024\/06\/29\/an-interview-with-aragma-owners-tony-bex\/","name":"An interview with Aragma Owners Tony & Bex - Aragma Ibiza","isPartOf":{"@id":"https:\/\/aragmaibiza.com\/#website"},"primaryImageOfPage":{"@id":"https:\/\/aragmaibiza.com\/2024\/06\/29\/an-interview-with-aragma-owners-tony-bex\/#primaryimage"},"image":{"@id":"https:\/\/aragmaibiza.com\/2024\/06\/29\/an-interview-with-aragma-owners-tony-bex\/#primaryimage"},"thumbnailUrl":"https:\/\/aragmaibiza.com\/wp-content\/uploads\/2024\/07\/IMG_4838.jpg","datePublished":"2024-06-29T14:38:52+00:00","dateModified":"2024-07-08T18:13:33+00:00","breadcrumb":{"@id":"https:\/\/aragmaibiza.com\/2024\/06\/29\/an-interview-with-aragma-owners-tony-bex\/#breadcrumb"},"inLanguage":"fr-FR","potentialAction":[{"@type":"ReadAction","target":["https:\/\/aragmaibiza.com\/2024\/06\/29\/an-interview-with-aragma-owners-tony-bex\/"]}]},{"@type":"ImageObject","inLanguage":"fr-FR","@id":"https:\/\/aragmaibiza.com\/2024\/06\/29\/an-interview-with-aragma-owners-tony-bex\/#primaryimage","url":"https:\/\/aragmaibiza.com\/wp-content\/uploads\/2024\/07\/IMG_4838.jpg","contentUrl":"https:\/\/aragmaibiza.com\/wp-content\/uploads\/2024\/07\/IMG_4838.jpg","width":1125,"height":1500,"caption":"Aragma Ibiza Company sign"},{"@type":"BreadcrumbList","@id":"https:\/\/aragmaibiza.com\/2024\/06\/29\/an-interview-with-aragma-owners-tony-bex\/#breadcrumb","itemListElement":[{"@type":"ListItem","position":1,"name":"Home","item":"https:\/\/aragmaibiza.com\/"},{"@type":"ListItem","position":2,"name":"An interview with Aragma Owners Tony &#038; Bex"}]},{"@type":"WebSite","@id":"https:\/\/aragmaibiza.com\/#website","url":"https:\/\/aragmaibiza.com\/","name":"Aragma Ibiza","description":"Aragma Ibiza","publisher":{"@id":"https:\/\/aragmaibiza.com\/#organization"},"potentialAction":[{"@type":"SearchAction","target":{"@type":"EntryPoint","urlTemplate":"https:\/\/aragmaibiza.com\/?s={search_term_string}"},"query-input":{"@type":"PropertyValueSpecification","valueRequired":true,"valueName":"search_term_string"}}],"inLanguage":"fr-FR"},{"@type":"Organization","@id":"https:\/\/aragmaibiza.com\/#organization","name":"Aragma Ibiza","url":"https:\/\/aragmaibiza.com\/","logo":{"@type":"ImageObject","inLanguage":"fr-FR","@id":"https:\/\/aragmaibiza.com\/#\/schema\/logo\/image\/","url":"https:\/\/aragmaibiza.com\/wp-content\/uploads\/2024\/04\/Aragma-by-Tapas-Ibiza-e1713899753653.webp","contentUrl":"https:\/\/aragmaibiza.com\/wp-content\/uploads\/2024\/04\/Aragma-by-Tapas-Ibiza-e1713899753653.webp","width":1182,"height":350,"caption":"Aragma Ibiza"},"image":{"@id":"https:\/\/aragmaibiza.com\/#\/schema\/logo\/image\/"},"sameAs":["https:\/\/www.facebook.com\/aragmaibiza","https:\/\/www.instagram.com\/aragmaibiza\/"]},{"@type":"Person","@id":"https:\/\/aragmaibiza.com\/#\/schema\/person\/9993e056c9e515993d45b10d27adc0bd","name":"Jess","image":{"@type":"ImageObject","inLanguage":"fr-FR","@id":"https:\/\/secure.gravatar.com\/avatar\/656b302c2cafba74d34edc63262413e2608b60441baa601ff40d2e878eee4dc0?s=96&d=mm&r=g","url":"https:\/\/secure.gravatar.com\/avatar\/656b302c2cafba74d34edc63262413e2608b60441baa601ff40d2e878eee4dc0?s=96&d=mm&r=g","contentUrl":"https:\/\/secure.gravatar.com\/avatar\/656b302c2cafba74d34edc63262413e2608b60441baa601ff40d2e878eee4dc0?s=96&d=mm&r=g","caption":"Jess"},"url":"https:\/\/aragmaibiza.com\/fr\/author\/jess\/"}]}},"_links":{"self":[{"href":"https:\/\/aragmaibiza.com\/fr\/wp-json\/wp\/v2\/posts\/1001","targetHints":{"allow":["GET"]}}],"collection":[{"href":"https:\/\/aragmaibiza.com\/fr\/wp-json\/wp\/v2\/posts"}],"about":[{"href":"https:\/\/aragmaibiza.com\/fr\/wp-json\/wp\/v2\/types\/post"}],"author":[{"embeddable":true,"href":"https:\/\/aragmaibiza.com\/fr\/wp-json\/wp\/v2\/users\/2"}],"replies":[{"embeddable":true,"href":"https:\/\/aragmaibiza.com\/fr\/wp-json\/wp\/v2\/comments?post=1001"}],"version-history":[{"count":19,"href":"https:\/\/aragmaibiza.com\/fr\/wp-json\/wp\/v2\/posts\/1001\/revisions"}],"predecessor-version":[{"id":1156,"href":"https:\/\/aragmaibiza.com\/fr\/wp-json\/wp\/v2\/posts\/1001\/revisions\/1156"}],"wp:featuredmedia":[{"embeddable":true,"href":"https:\/\/aragmaibiza.com\/fr\/wp-json\/wp\/v2\/media\/1102"}],"wp:attachment":[{"href":"https:\/\/aragmaibiza.com\/fr\/wp-json\/wp\/v2\/media?parent=1001"}],"wp:term":[{"taxonomy":"category","embeddable":true,"href":"https:\/\/aragmaibiza.com\/fr\/wp-json\/wp\/v2\/categories?post=1001"},{"taxonomy":"post_tag","embeddable":true,"href":"https:\/\/aragmaibiza.com\/fr\/wp-json\/wp\/v2\/tags?post=1001"}],"curies":[{"name":"wp","href":"https:\/\/api.w.org\/{rel}","templated":true}]}}